{"id":237,"date":"2019-10-15T08:36:48","date_gmt":"2019-10-15T06:36:48","guid":{"rendered":"http:\/\/alpine-faszination.at\/?p=237"},"modified":"2025-08-30T13:47:05","modified_gmt":"2025-08-30T11:47:05","slug":"freestyle-camp-fuer-jugendliche","status":"publish","type":"post","link":"https:\/\/www.alpine-faszination.at\/de\/freestyle-camp-fuer-jugendliche\/","title":{"rendered":"Freeride Camp f\u00fcr Jugendliche"},"content":{"rendered":"\n<p>Das richtige Verhalten im Off-Piste-Bereich und der Umgang mit Lawinenausr\u00fcstung stehen bei unserem Freeride Camp f\u00fcr Jugendliche am Programm. Denn wenn es ums Fahren im Gel\u00e4nde geht, dann gilt: \u00dcben, \u00fcben, \u00fcben. Das gilt nicht nur in puncto richtige Technik, sondern auch im Umgang mit Risiken. Wie funktioniert die Suche mit dem LVS-Ger\u00e4t, wie bestimmt man das Schneeprofil? Unsere Guides zeigen es euch.<\/p>\n\n\n\n<p><strong>Kursdauer ca 4 Stunden <br><\/strong>Preise auf Anfrage<\/p>\n\n\n\n<p>Der Kurs findet ab min. 4 Personen und bis max. 7 Personen in der Gruppe statt.<\/p>\n","protected":false},"excerpt":{"rendered":"<p>Das richtige Verhalten im Off-Piste-Bereich und der Umgang mit Lawinenausr\u00fcstung stehen bei unserem Freeride Camp f\u00fcr Jugendliche am Programm. Denn wenn es ums Fahren im Gel\u00e4nde geht, dann gilt: \u00dcben, \u00fcben, \u00fcben. Das gilt nicht nur in puncto richtige Technik, sondern auch im Umgang mit Risiken. Wie funktioniert die Suche mit dem LVS-Ger\u00e4t, wie bestimmt [&hellip;]<\/p>\n","protected":false},"author":1,"featured_media":963,"comment_status":"closed","ping_status":"closed","sticky":false,"template":"","format":"standard","meta":{"_acf_changed":false,"inline_featured_image":false,"footnotes":""},"categories":[11],"tags":[],"class_list":["post-237","post","type-post","status-publish","format-standard","has-post-thumbnail","hentry","category-gruppen"],"acf":[],"_links":{"self":[{"href":"https:\/\/www.alpine-faszination.at\/de\/wp-json\/wp\/v2\/posts\/237","targetHints":{"allow":["GET"]}}],"collection":[{"href":"https:\/\/www.alpine-faszination.at\/de\/wp-json\/wp\/v2\/posts"}],"about":[{"href":"https:\/\/www.alpine-faszination.at\/de\/wp-json\/wp\/v2\/types\/post"}],"author":[{"embeddable":true,"href":"https:\/\/www.alpine-faszination.at\/de\/wp-json\/wp\/v2\/users\/1"}],"replies":[{"embeddable":true,"href":"https:\/\/www.alpine-faszination.at\/de\/wp-json\/wp\/v2\/comments?post=237"}],"version-history":[{"count":5,"href":"https:\/\/www.alpine-faszination.at\/de\/wp-json\/wp\/v2\/posts\/237\/revisions"}],"predecessor-version":[{"id":1827,"href":"https:\/\/www.alpine-faszination.at\/de\/wp-json\/wp\/v2\/posts\/237\/revisions\/1827"}],"wp:featuredmedia":[{"embeddable":true,"href":"https:\/\/www.alpine-faszination.at\/de\/wp-json\/wp\/v2\/media\/963"}],"wp:attachment":[{"href":"https:\/\/www.alpine-faszination.at\/de\/wp-json\/wp\/v2\/media?parent=237"}],"wp:term":[{"taxonomy":"category","embeddable":true,"href":"https:\/\/www.alpine-faszination.at\/de\/wp-json\/wp\/v2\/categories?post=237"},{"taxonomy":"post_tag","embeddable":true,"href":"https:\/\/www.alpine-faszination.at\/de\/wp-json\/wp\/v2\/tags?post=237"}],"curies":[{"name":"wp","href":"https:\/\/api.w.org\/{rel}","templated":true}]}}